{"id":162,"date":"2005-03-21T00:00:58","date_gmt":"2005-03-21T00:00:58","guid":{"rendered":"http:\/\/www.kleurrijkfryslan.org\/wp\/?p=162"},"modified":"2014-01-12T19:20:32","modified_gmt":"2014-01-12T18:20:32","slug":"internationale-dag-tegen-racisme-21-maart-2005","status":"publish","type":"post","link":"https:\/\/kleurrijkfryslan.org\/wp\/?p=162","title":{"rendered":"Internationale dag tegen racisme 21 maart 2005"},"content":{"rendered":"<p><strong>Dit jaar werd in dat kader een kleurrijke viering op 20 maart in Workum gehouden.<\/strong><\/p>\n<p><!--more--><\/p>\n<p>Kleurrijk, want zeven levensbeschouwingen deden&nbsp; hieraan mee. Op alfabetische volgorde waren dat: het Bah\u00e1\u00ef geloof, Christendom, Hindoe\u00efsme, Humanisme, Islam, Jodendom, en de Soefi-beweging. Deze viering, die als thema \u201cElkaar voor vol aanzien\u201d, vond plaats in de St. Werenfriduskerk in Workum.<\/p>\n<hr \/>\n","protected":false},"excerpt":{"rendered":"<p>Dit jaar werd in dat kader een kleurrijke viering op 20 maart in Workum gehouden.<\/p>\n","protected":false},"author":1,"featured_media":0,"comment_status":"open","ping_status":"closed","sticky":false,"template":"","format":"standard","meta":{"jetpack_post_was_ever_published":false,"_jetpack_newsletter_access":"","_jetpack_dont_email_post_to_subs":false,"_jetpack_newsletter_tier_id":0,"footnotes":"","jetpack_publicize_message":"","jetpack_publicize_feature_enabled":true,"jetpack_social_post_already_shared":false,"jetpack_social_options":{"image_generator_settings":{"template":"highway","enabled":false}}},"categories":[8],"tags":[18],"class_list":["post-162","post","type-post","status-publish","format-standard","hentry","category-archief","tag-internationale-dag"],"jetpack_publicize_connections":[],"jetpack_featured_media_url":"","jetpack_sharing_enabled":true,"_links":{"self":[{"href":"https:\/\/kleurrijkfryslan.org\/wp\/index.php?rest_route=\/wp\/v2\/posts\/162","targetHints":{"allow":["GET"]}}],"collection":[{"href":"https:\/\/kleurrijkfryslan.org\/wp\/index.php?rest_route=\/wp\/v2\/posts"}],"about":[{"href":"https:\/\/kleurrijkfryslan.org\/wp\/index.php?rest_route=\/wp\/v2\/types\/post"}],"author":[{"embeddable":true,"href":"https:\/\/kleurrijkfryslan.org\/wp\/index.php?rest_route=\/wp\/v2\/users\/1"}],"replies":[{"embeddable":true,"href":"https:\/\/kleurrijkfryslan.org\/wp\/index.php?rest_route=%2Fwp%2Fv2%2Fcomments&post=162"}],"version-history":[{"count":0,"href":"https:\/\/kleurrijkfryslan.org\/wp\/index.php?rest_route=\/wp\/v2\/posts\/162\/revisions"}],"wp:attachment":[{"href":"https:\/\/kleurrijkfryslan.org\/wp\/index.php?rest_route=%2Fwp%2Fv2%2Fmedia&parent=162"}],"wp:term":[{"taxonomy":"category","embeddable":true,"href":"https:\/\/kleurrijkfryslan.org\/wp\/index.php?rest_route=%2Fwp%2Fv2%2Fcategories&post=162"},{"taxonomy":"post_tag","embeddable":true,"href":"https:\/\/kleurrijkfryslan.org\/wp\/index.php?rest_route=%2Fwp%2Fv2%2Ftags&post=162"}],"curies":[{"name":"wp","href":"https:\/\/api.w.org\/{rel}","templated":true}]}}